{"id":7203,"date":"2020-03-04T15:12:02","date_gmt":"2020-03-04T14:12:02","guid":{"rendered":"https:\/\/www.gouffre-de-cabrespine.com\/2020\/03\/04\/la-sima-presente-en-el-top10-de-las-mas-bellas-cuevas-de-francia\/"},"modified":"2024-01-08T10:31:04","modified_gmt":"2024-01-08T09:31:04","slug":"la-sima-presente-en-el-top10-de-las-mas-bellas-cuevas-de-francia-2","status":"publish","type":"post","link":"https:\/\/www.gouffre-de-cabrespine.com\/es\/2020\/03\/04\/la-sima-presente-en-el-top10-de-las-mas-bellas-cuevas-de-francia-2\/","title":{"rendered":"La Sima, presente en el Top10 de las m\u00e1s bellas cuevas de Francia !"},"content":{"rendered":"<div class=\"fusion-fullwidth fullwidth-box fusion-builder-row-1 nonhundred-percent-fullwidth non-hundred-percent-height-scrolling\" style=\"--awb-border-radius-top-left:0px;--awb-border-radius-top-right:0px;--awb-border-radius-bottom-right:0px;--awb-border-radius-bottom-left:0px;--awb-flex-wrap:wrap;\" ><div class=\"fusion-builder-row fusion-row\"><div class=\"fusion-layout-column fusion_builder_column fusion-builder-column-0 fusion_builder_column_1_1 1_1 fusion-one-full fusion-column-first fusion-column-last\" style=\"--awb-bg-size:cover;\"><div class=\"fusion-column-wrapper fusion-column-has-shadow fusion-flex-column-wrapper-legacy\"><div class=\"fusion-text fusion-text-1\"><p>Estamos muy contentos de que la revista GEO haya seleccionado el Sima Gigante de Cabrespine en su top 10 de las cuevas m\u00e1s bellas de Francia. Es un honor estar presente en esta revista francesa, con circulaci\u00f3n mundial, dedicada a los viajes y al conocimiento del mundo. Descubre su selecci\u00f3n de cuevas y abismos en toda Francia.<\/p>\n<div class=\"jhH5U\">\n<div id=\"tw-ob\" class=\"tw-src-ltr\">\n<div class=\"oSioSc\">\n<div id=\"tw-target\">\n<div id=\"kAz1tf\" class=\"g9WsWb\">\n<div id=\"tw-target-text-container\" class=\"tw-ta-container hide-focus-ring tw-nfl\" tabindex=\"0\">\n<p id=\"tw-target-text\" class=\"tw-data-text tw-text-large XcVN5d tw-ta\" dir=\"ltr\" data-placeholder=\"Traduction\"><span lang=\"es\">Extracto del articulo (versi\u00f3n francesa) <\/span>: \u00abSitu\u00e9e dans l&#8217;Aude, cette grotte creus\u00e9e dans les entrailles de la Montagne Noire par la rivi\u00e8re vaut le d\u00e9tour. R\u00e9put\u00e9e pour la richesse de ses cristallisations, elle fait partie des plus grandes grottes am\u00e9nag\u00e9es d&#8217;Europe. Pour rendre le site encore plus spectaculaire, un jeu de lumi\u00e8re et une passerelle en verre avec 200 m\u00e8tres de vide sous vos pieds ont \u00e9t\u00e9 install\u00e9s.\u00bb<\/p>\n<\/div>\n<\/div>\n<\/div>\n<\/div>\n<\/div>\n<\/div>\n<\/div><div class=\"fusion-clearfix\"><\/div><\/div><\/div><\/div><\/div>\n<span class=\"et_bloom_bottom_trigger\"><\/span>","protected":false},"excerpt":{"rendered":"","protected":false},"author":3,"featured_media":6492,"comment_status":"closed","ping_status":"closed","sticky":false,"template":"","format":"standard","meta":{"_acf_changed":false,"inline_featured_image":false,"footnotes":""},"categories":[4],"tags":[],"class_list":["post-7203","post","type-post","status-publish","format-standard","has-post-thumbnail","hentry","category-sin-categorizar"],"acf":[],"yoast_head":"<!-- This site is optimized with the Yoast SEO plugin v26.8 - https:\/\/yoast.com\/product\/yoast-seo-wordpress\/ -->\n<title>La Sima, presente en el Top10 de las m\u00e1s bellas cuevas de Francia ! - Gouffre G\u00e9ant de Cabrespine<\/title>\n<meta name=\"robots\" content=\"index, follow, max-snippet:-1, max-image-preview:large, max-video-preview:-1\" \/>\n<link rel=\"canonical\" href=\"https:\/\/www.gouffre-de-cabrespine.com\/es\/2020\/03\/04\/la-sima-presente-en-el-top10-de-las-mas-bellas-cuevas-de-francia-2\/\" \/>\n<meta property=\"og:locale\" content=\"es_ES\" \/>\n<meta property=\"og:type\" content=\"article\" \/>\n<meta property=\"og:title\" content=\"La Sima, presente en el Top10 de las m\u00e1s bellas cuevas de Francia ! - Gouffre G\u00e9ant de Cabrespine\" \/>\n<meta property=\"og:url\" content=\"https:\/\/www.gouffre-de-cabrespine.com\/es\/2020\/03\/04\/la-sima-presente-en-el-top10-de-las-mas-bellas-cuevas-de-francia-2\/\" \/>\n<meta property=\"og:site_name\" content=\"Gouffre G\u00e9ant de Cabrespine\" \/>\n<meta property=\"article:published_time\" content=\"2020-03-04T14:12:02+00:00\" \/>\n<meta property=\"article:modified_time\" content=\"2024-01-08T09:31:04+00:00\" \/>\n<meta property=\"og:image\" content=\"https:\/\/www.gouffre-de-cabrespine.com\/wp-content\/uploads\/2023\/05\/Page-accueil-site-internet-actu-1.jpg\" \/>\n\t<meta property=\"og:image:width\" content=\"1299\" \/>\n\t<meta property=\"og:image:height\" content=\"1535\" \/>\n\t<meta property=\"og:image:type\" content=\"image\/jpeg\" \/>\n<meta name=\"author\" content=\"equipe_cabrespine\" \/>\n<meta name=\"twitter:card\" content=\"summary_large_image\" \/>\n<meta name=\"twitter:label1\" content=\"Escrito por\" \/>\n\t<meta name=\"twitter:data1\" content=\"equipe_cabrespine\" \/>\n\t<meta name=\"twitter:label2\" content=\"Tiempo de lectura\" \/>\n\t<meta name=\"twitter:data2\" content=\"2 minutos\" \/>\n<script type=\"application\/ld+json\" class=\"yoast-schema-graph\">{\"@context\":\"https:\/\/schema.org\",\"@graph\":[{\"@type\":\"Article\",\"@id\":\"https:\/\/www.gouffre-de-cabrespine.com\/es\/2020\/03\/04\/la-sima-presente-en-el-top10-de-las-mas-bellas-cuevas-de-francia-2\/#article\",\"isPartOf\":{\"@id\":\"https:\/\/www.gouffre-de-cabrespine.com\/es\/2020\/03\/04\/la-sima-presente-en-el-top10-de-las-mas-bellas-cuevas-de-francia-2\/\"},\"author\":{\"name\":\"equipe_cabrespine\",\"@id\":\"https:\/\/www.gouffre-de-cabrespine.com\/#\/schema\/person\/9fc81865bea2ae2d5c3e65a238ec1570\"},\"headline\":\"La Sima, presente en el Top10 de las m\u00e1s bellas cuevas de Francia !\",\"datePublished\":\"2020-03-04T14:12:02+00:00\",\"dateModified\":\"2024-01-08T09:31:04+00:00\",\"mainEntityOfPage\":{\"@id\":\"https:\/\/www.gouffre-de-cabrespine.com\/es\/2020\/03\/04\/la-sima-presente-en-el-top10-de-las-mas-bellas-cuevas-de-francia-2\/\"},\"wordCount\":435,\"image\":{\"@id\":\"https:\/\/www.gouffre-de-cabrespine.com\/es\/2020\/03\/04\/la-sima-presente-en-el-top10-de-las-mas-bellas-cuevas-de-francia-2\/#primaryimage\"},\"thumbnailUrl\":\"https:\/\/www.gouffre-de-cabrespine.com\/wp-content\/uploads\/2023\/05\/Page-accueil-site-internet-actu-1.jpg\",\"articleSection\":[\"Sin categorizar\"],\"inLanguage\":\"es\"},{\"@type\":\"WebPage\",\"@id\":\"https:\/\/www.gouffre-de-cabrespine.com\/es\/2020\/03\/04\/la-sima-presente-en-el-top10-de-las-mas-bellas-cuevas-de-francia-2\/\",\"url\":\"https:\/\/www.gouffre-de-cabrespine.com\/es\/2020\/03\/04\/la-sima-presente-en-el-top10-de-las-mas-bellas-cuevas-de-francia-2\/\",\"name\":\"La Sima, presente en el Top10 de las m\u00e1s bellas cuevas de Francia ! - Gouffre G\u00e9ant de Cabrespine\",\"isPartOf\":{\"@id\":\"https:\/\/www.gouffre-de-cabrespine.com\/#website\"},\"primaryImageOfPage\":{\"@id\":\"https:\/\/www.gouffre-de-cabrespine.com\/es\/2020\/03\/04\/la-sima-presente-en-el-top10-de-las-mas-bellas-cuevas-de-francia-2\/#primaryimage\"},\"image\":{\"@id\":\"https:\/\/www.gouffre-de-cabrespine.com\/es\/2020\/03\/04\/la-sima-presente-en-el-top10-de-las-mas-bellas-cuevas-de-francia-2\/#primaryimage\"},\"thumbnailUrl\":\"https:\/\/www.gouffre-de-cabrespine.com\/wp-content\/uploads\/2023\/05\/Page-accueil-site-internet-actu-1.jpg\",\"datePublished\":\"2020-03-04T14:12:02+00:00\",\"dateModified\":\"2024-01-08T09:31:04+00:00\",\"author\":{\"@id\":\"https:\/\/www.gouffre-de-cabrespine.com\/#\/schema\/person\/9fc81865bea2ae2d5c3e65a238ec1570\"},\"breadcrumb\":{\"@id\":\"https:\/\/www.gouffre-de-cabrespine.com\/es\/2020\/03\/04\/la-sima-presente-en-el-top10-de-las-mas-bellas-cuevas-de-francia-2\/#breadcrumb\"},\"inLanguage\":\"es\",\"potentialAction\":[{\"@type\":\"ReadAction\",\"target\":[\"https:\/\/www.gouffre-de-cabrespine.com\/es\/2020\/03\/04\/la-sima-presente-en-el-top10-de-las-mas-bellas-cuevas-de-francia-2\/\"]}]},{\"@type\":\"ImageObject\",\"inLanguage\":\"es\",\"@id\":\"https:\/\/www.gouffre-de-cabrespine.com\/es\/2020\/03\/04\/la-sima-presente-en-el-top10-de-las-mas-bellas-cuevas-de-francia-2\/#primaryimage\",\"url\":\"https:\/\/www.gouffre-de-cabrespine.com\/wp-content\/uploads\/2023\/05\/Page-accueil-site-internet-actu-1.jpg\",\"contentUrl\":\"https:\/\/www.gouffre-de-cabrespine.com\/wp-content\/uploads\/2023\/05\/Page-accueil-site-internet-actu-1.jpg\",\"width\":1299,\"height\":1535},{\"@type\":\"BreadcrumbList\",\"@id\":\"https:\/\/www.gouffre-de-cabrespine.com\/es\/2020\/03\/04\/la-sima-presente-en-el-top10-de-las-mas-bellas-cuevas-de-francia-2\/#breadcrumb\",\"itemListElement\":[{\"@type\":\"ListItem\",\"position\":1,\"name\":\"Accueil\",\"item\":\"https:\/\/www.gouffre-de-cabrespine.com\/es\/\"},{\"@type\":\"ListItem\",\"position\":2,\"name\":\"La Sima, presente en el Top10 de las m\u00e1s bellas cuevas de Francia !\"}]},{\"@type\":\"WebSite\",\"@id\":\"https:\/\/www.gouffre-de-cabrespine.com\/#website\",\"url\":\"https:\/\/www.gouffre-de-cabrespine.com\/\",\"name\":\"Gouffre G\u00e9ant de Cabrespine\",\"description\":\"Plongez au coeur du Gouffre G\u00e9ant de Cabrespine\",\"potentialAction\":[{\"@type\":\"SearchAction\",\"target\":{\"@type\":\"EntryPoint\",\"urlTemplate\":\"https:\/\/www.gouffre-de-cabrespine.com\/?s={search_term_string}\"},\"query-input\":{\"@type\":\"PropertyValueSpecification\",\"valueRequired\":true,\"valueName\":\"search_term_string\"}}],\"inLanguage\":\"es\"},{\"@type\":\"Person\",\"@id\":\"https:\/\/www.gouffre-de-cabrespine.com\/#\/schema\/person\/9fc81865bea2ae2d5c3e65a238ec1570\",\"name\":\"equipe_cabrespine\",\"image\":{\"@type\":\"ImageObject\",\"inLanguage\":\"es\",\"@id\":\"https:\/\/www.gouffre-de-cabrespine.com\/#\/schema\/person\/image\/\",\"url\":\"https:\/\/secure.gravatar.com\/avatar\/306f7ae48c6eaa7ccfa4dca98c12d460abcc90ef3c5506a7f20379ca72a3f43e?s=96&d=mm&r=g\",\"contentUrl\":\"https:\/\/secure.gravatar.com\/avatar\/306f7ae48c6eaa7ccfa4dca98c12d460abcc90ef3c5506a7f20379ca72a3f43e?s=96&d=mm&r=g\",\"caption\":\"equipe_cabrespine\"},\"url\":\"https:\/\/www.gouffre-de-cabrespine.com\/es\/author\/equipe_cabrespine\/\"}]}<\/script>\n<!-- \/ Yoast SEO plugin. -->","yoast_head_json":{"title":"La Sima, presente en el Top10 de las m\u00e1s bellas cuevas de Francia ! - Gouffre G\u00e9ant de Cabrespine","robots":{"index":"index","follow":"follow","max-snippet":"max-snippet:-1","max-image-preview":"max-image-preview:large","max-video-preview":"max-video-preview:-1"},"canonical":"https:\/\/www.gouffre-de-cabrespine.com\/es\/2020\/03\/04\/la-sima-presente-en-el-top10-de-las-mas-bellas-cuevas-de-francia-2\/","og_locale":"es_ES","og_type":"article","og_title":"La Sima, presente en el Top10 de las m\u00e1s bellas cuevas de Francia ! - Gouffre G\u00e9ant de Cabrespine","og_url":"https:\/\/www.gouffre-de-cabrespine.com\/es\/2020\/03\/04\/la-sima-presente-en-el-top10-de-las-mas-bellas-cuevas-de-francia-2\/","og_site_name":"Gouffre G\u00e9ant de Cabrespine","article_published_time":"2020-03-04T14:12:02+00:00","article_modified_time":"2024-01-08T09:31:04+00:00","og_image":[{"width":1299,"height":1535,"url":"https:\/\/www.gouffre-de-cabrespine.com\/wp-content\/uploads\/2023\/05\/Page-accueil-site-internet-actu-1.jpg","type":"image\/jpeg"}],"author":"equipe_cabrespine","twitter_card":"summary_large_image","twitter_misc":{"Escrito por":"equipe_cabrespine","Tiempo de lectura":"2 minutos"},"schema":{"@context":"https:\/\/schema.org","@graph":[{"@type":"Article","@id":"https:\/\/www.gouffre-de-cabrespine.com\/es\/2020\/03\/04\/la-sima-presente-en-el-top10-de-las-mas-bellas-cuevas-de-francia-2\/#article","isPartOf":{"@id":"https:\/\/www.gouffre-de-cabrespine.com\/es\/2020\/03\/04\/la-sima-presente-en-el-top10-de-las-mas-bellas-cuevas-de-francia-2\/"},"author":{"name":"equipe_cabrespine","@id":"https:\/\/www.gouffre-de-cabrespine.com\/#\/schema\/person\/9fc81865bea2ae2d5c3e65a238ec1570"},"headline":"La Sima, presente en el Top10 de las m\u00e1s bellas cuevas de Francia !","datePublished":"2020-03-04T14:12:02+00:00","dateModified":"2024-01-08T09:31:04+00:00","mainEntityOfPage":{"@id":"https:\/\/www.gouffre-de-cabrespine.com\/es\/2020\/03\/04\/la-sima-presente-en-el-top10-de-las-mas-bellas-cuevas-de-francia-2\/"},"wordCount":435,"image":{"@id":"https:\/\/www.gouffre-de-cabrespine.com\/es\/2020\/03\/04\/la-sima-presente-en-el-top10-de-las-mas-bellas-cuevas-de-francia-2\/#primaryimage"},"thumbnailUrl":"https:\/\/www.gouffre-de-cabrespine.com\/wp-content\/uploads\/2023\/05\/Page-accueil-site-internet-actu-1.jpg","articleSection":["Sin categorizar"],"inLanguage":"es"},{"@type":"WebPage","@id":"https:\/\/www.gouffre-de-cabrespine.com\/es\/2020\/03\/04\/la-sima-presente-en-el-top10-de-las-mas-bellas-cuevas-de-francia-2\/","url":"https:\/\/www.gouffre-de-cabrespine.com\/es\/2020\/03\/04\/la-sima-presente-en-el-top10-de-las-mas-bellas-cuevas-de-francia-2\/","name":"La Sima, presente en el Top10 de las m\u00e1s bellas cuevas de Francia ! - Gouffre G\u00e9ant de Cabrespine","isPartOf":{"@id":"https:\/\/www.gouffre-de-cabrespine.com\/#website"},"primaryImageOfPage":{"@id":"https:\/\/www.gouffre-de-cabrespine.com\/es\/2020\/03\/04\/la-sima-presente-en-el-top10-de-las-mas-bellas-cuevas-de-francia-2\/#primaryimage"},"image":{"@id":"https:\/\/www.gouffre-de-cabrespine.com\/es\/2020\/03\/04\/la-sima-presente-en-el-top10-de-las-mas-bellas-cuevas-de-francia-2\/#primaryimage"},"thumbnailUrl":"https:\/\/www.gouffre-de-cabrespine.com\/wp-content\/uploads\/2023\/05\/Page-accueil-site-internet-actu-1.jpg","datePublished":"2020-03-04T14:12:02+00:00","dateModified":"2024-01-08T09:31:04+00:00","author":{"@id":"https:\/\/www.gouffre-de-cabrespine.com\/#\/schema\/person\/9fc81865bea2ae2d5c3e65a238ec1570"},"breadcrumb":{"@id":"https:\/\/www.gouffre-de-cabrespine.com\/es\/2020\/03\/04\/la-sima-presente-en-el-top10-de-las-mas-bellas-cuevas-de-francia-2\/#breadcrumb"},"inLanguage":"es","potentialAction":[{"@type":"ReadAction","target":["https:\/\/www.gouffre-de-cabrespine.com\/es\/2020\/03\/04\/la-sima-presente-en-el-top10-de-las-mas-bellas-cuevas-de-francia-2\/"]}]},{"@type":"ImageObject","inLanguage":"es","@id":"https:\/\/www.gouffre-de-cabrespine.com\/es\/2020\/03\/04\/la-sima-presente-en-el-top10-de-las-mas-bellas-cuevas-de-francia-2\/#primaryimage","url":"https:\/\/www.gouffre-de-cabrespine.com\/wp-content\/uploads\/2023\/05\/Page-accueil-site-internet-actu-1.jpg","contentUrl":"https:\/\/www.gouffre-de-cabrespine.com\/wp-content\/uploads\/2023\/05\/Page-accueil-site-internet-actu-1.jpg","width":1299,"height":1535},{"@type":"BreadcrumbList","@id":"https:\/\/www.gouffre-de-cabrespine.com\/es\/2020\/03\/04\/la-sima-presente-en-el-top10-de-las-mas-bellas-cuevas-de-francia-2\/#breadcrumb","itemListElement":[{"@type":"ListItem","position":1,"name":"Accueil","item":"https:\/\/www.gouffre-de-cabrespine.com\/es\/"},{"@type":"ListItem","position":2,"name":"La Sima, presente en el Top10 de las m\u00e1s bellas cuevas de Francia !"}]},{"@type":"WebSite","@id":"https:\/\/www.gouffre-de-cabrespine.com\/#website","url":"https:\/\/www.gouffre-de-cabrespine.com\/","name":"Gouffre G\u00e9ant de Cabrespine","description":"Plongez au coeur du Gouffre G\u00e9ant de Cabrespine","potentialAction":[{"@type":"SearchAction","target":{"@type":"EntryPoint","urlTemplate":"https:\/\/www.gouffre-de-cabrespine.com\/?s={search_term_string}"},"query-input":{"@type":"PropertyValueSpecification","valueRequired":true,"valueName":"search_term_string"}}],"inLanguage":"es"},{"@type":"Person","@id":"https:\/\/www.gouffre-de-cabrespine.com\/#\/schema\/person\/9fc81865bea2ae2d5c3e65a238ec1570","name":"equipe_cabrespine","image":{"@type":"ImageObject","inLanguage":"es","@id":"https:\/\/www.gouffre-de-cabrespine.com\/#\/schema\/person\/image\/","url":"https:\/\/secure.gravatar.com\/avatar\/306f7ae48c6eaa7ccfa4dca98c12d460abcc90ef3c5506a7f20379ca72a3f43e?s=96&d=mm&r=g","contentUrl":"https:\/\/secure.gravatar.com\/avatar\/306f7ae48c6eaa7ccfa4dca98c12d460abcc90ef3c5506a7f20379ca72a3f43e?s=96&d=mm&r=g","caption":"equipe_cabrespine"},"url":"https:\/\/www.gouffre-de-cabrespine.com\/es\/author\/equipe_cabrespine\/"}]}},"_links":{"self":[{"href":"https:\/\/www.gouffre-de-cabrespine.com\/es\/wp-json\/wp\/v2\/posts\/7203","targetHints":{"allow":["GET"]}}],"collection":[{"href":"https:\/\/www.gouffre-de-cabrespine.com\/es\/wp-json\/wp\/v2\/posts"}],"about":[{"href":"https:\/\/www.gouffre-de-cabrespine.com\/es\/wp-json\/wp\/v2\/types\/post"}],"author":[{"embeddable":true,"href":"https:\/\/www.gouffre-de-cabrespine.com\/es\/wp-json\/wp\/v2\/users\/3"}],"replies":[{"embeddable":true,"href":"https:\/\/www.gouffre-de-cabrespine.com\/es\/wp-json\/wp\/v2\/comments?post=7203"}],"version-history":[{"count":1,"href":"https:\/\/www.gouffre-de-cabrespine.com\/es\/wp-json\/wp\/v2\/posts\/7203\/revisions"}],"predecessor-version":[{"id":7466,"href":"https:\/\/www.gouffre-de-cabrespine.com\/es\/wp-json\/wp\/v2\/posts\/7203\/revisions\/7466"}],"wp:featuredmedia":[{"embeddable":true,"href":"https:\/\/www.gouffre-de-cabrespine.com\/es\/wp-json\/wp\/v2\/media\/6492"}],"wp:attachment":[{"href":"https:\/\/www.gouffre-de-cabrespine.com\/es\/wp-json\/wp\/v2\/media?parent=7203"}],"wp:term":[{"taxonomy":"category","embeddable":true,"href":"https:\/\/www.gouffre-de-cabrespine.com\/es\/wp-json\/wp\/v2\/categories?post=7203"},{"taxonomy":"post_tag","embeddable":true,"href":"https:\/\/www.gouffre-de-cabrespine.com\/es\/wp-json\/wp\/v2\/tags?post=7203"}],"curies":[{"name":"wp","href":"https:\/\/api.w.org\/{rel}","templated":true}]}}