{"id":3691,"date":"2021-02-14T09:30:29","date_gmt":"2021-02-14T08:30:29","guid":{"rendered":"https:\/\/www.gouffre-de-cabrespine.com\/coupure_presse\/o-la-belle-vie-france-3-2021-2\/"},"modified":"2021-02-14T09:30:29","modified_gmt":"2021-02-14T08:30:29","slug":"o-la-belle-vie-france-3-2021-2","status":"publish","type":"coupure_presse","link":"https:\/\/www.gouffre-de-cabrespine.com\/es\/coupure_presse\/o-la-belle-vie-france-3-2021-2\/","title":{"rendered":"\u00d4 La Belle Vie &#8211; France 3 &#8211; 2021"},"content":{"rendered":"<h2 style=\"text-align: center;\">\u00abCarcassonne : Au-del\u00e0 des remparts\u00bb<\/h2>\n<p style=\"text-align: center;\">D\u00e9couvrez le passage sur le Gouffre G\u00e9ant de Cabrespine dans le reportage \u00abCarcassonne : Au-del\u00e0 des remparts\u00bb<span class=\"style-scope yt-formatted-string\" dir=\"auto\">, <\/span>diffus\u00e9 en f\u00e9vrier 2021, avec Sophie Jovillard pour l&#8217;\u00e9mission \u00ab\u00d4 La Belle Vie\u00bb.<\/p>\n<div class=\"wp-playlist wp-video-playlist wp-playlist-light\">\n\t\t<video controls=\"controls\" preload=\"none\" width=\"1378\"\n\t\t height=\"756\"\t><\/video>\n\t<div class=\"wp-playlist-next\"><\/div>\n\t<div class=\"wp-playlist-prev\"><\/div>\n\t<noscript>\n\t<ol>\n\t\t<li><a data-rel=\"iLightbox[postimages]\" data-title=\"France 3 Occitanie &#8211; \u00d4 la belle Vie &#8211; 14022021-C Carcassonne Au del\u00e0 des remparts\" data-caption=\"\" href='https:\/\/www.gouffre-de-cabrespine.com\/wp-content\/uploads\/2021\/02\/France-3-Occitanie-O-la-belle-Vie-14022021-C-Carcassonne-Au-dela-des-remparts.mp4'>France 3 Occitanie - \u00d4 la belle Vie - 14022021-C Carcassonne Au del\u00e0 des remparts<\/a><\/li>\t<\/ol>\n\t<\/noscript>\n\t<script type=\"application\/json\" class=\"wp-playlist-script\">{\"type\":\"video\",\"tracklist\":true,\"tracknumbers\":true,\"images\":true,\"artists\":true,\"tracks\":[{\"src\":\"https:\/\/www.gouffre-de-cabrespine.com\/wp-content\/uploads\/2021\/02\/France-3-Occitanie-O-la-belle-Vie-14022021-C-Carcassonne-Au-dela-des-remparts.mp4\",\"type\":\"video\/mp4\",\"title\":\"France 3 Occitanie - \\u00d4 la belle Vie - 14022021-C Carcassonne Au del\\u00e0 des remparts\",\"caption\":\"\",\"description\":\"\",\"meta\":{\"length_formatted\":\"9:26\"},\"dimensions\":{\"original\":{\"width\":1280,\"height\":702},\"resized\":{\"width\":1378,\"height\":756}},\"image\":{\"src\":\"https:\/\/www.gouffre-de-cabrespine.com\/wp-includes\/images\/media\/video.svg\",\"width\":48,\"height\":64},\"thumb\":{\"src\":\"https:\/\/www.gouffre-de-cabrespine.com\/wp-includes\/images\/media\/video.svg\",\"width\":48,\"height\":64}}]}<\/script>\n<\/div>\n\t\n<span class=\"et_bloom_bottom_trigger\"><\/span>","protected":false},"featured_media":3446,"template":"","class_list":["post-3691","coupure_presse","type-coupure_presse","status-publish","has-post-thumbnail","hentry"],"acf":[],"yoast_head":"<!-- This site is optimized with the Yoast SEO plugin v26.8 - https:\/\/yoast.com\/product\/yoast-seo-wordpress\/ -->\n<title>\u00d4 La Belle Vie - France 3 - 2021 - Gouffre G\u00e9ant de Cabrespine<\/title>\n<meta name=\"robots\" content=\"index, follow, max-snippet:-1, max-image-preview:large, max-video-preview:-1\" \/>\n<link rel=\"canonical\" href=\"https:\/\/www.gouffre-de-cabrespine.com\/es\/coupure_presse\/o-la-belle-vie-france-3-2021-2\/\" \/>\n<meta property=\"og:locale\" content=\"es_ES\" \/>\n<meta property=\"og:type\" content=\"article\" \/>\n<meta property=\"og:title\" content=\"\u00d4 La Belle Vie - France 3 - 2021 - Gouffre G\u00e9ant de Cabrespine\" \/>\n<meta property=\"og:description\" content=\"\u00abCarcassonne : Au-del\u00e0 des remparts\u00bb D\u00e9couvrez le passage sur le [...]\" \/>\n<meta property=\"og:url\" content=\"https:\/\/www.gouffre-de-cabrespine.com\/es\/coupure_presse\/o-la-belle-vie-france-3-2021-2\/\" \/>\n<meta property=\"og:site_name\" content=\"Gouffre G\u00e9ant de Cabrespine\" \/>\n<meta property=\"og:image\" content=\"https:\/\/www.gouffre-de-cabrespine.com\/wp-content\/uploads\/2021\/02\/Capture.png\" \/>\n\t<meta property=\"og:image:width\" content=\"767\" \/>\n\t<meta property=\"og:image:height\" content=\"533\" \/>\n\t<meta property=\"og:image:type\" content=\"image\/png\" \/>\n<meta name=\"twitter:card\" content=\"summary_large_image\" \/>\n<script type=\"application\/ld+json\" class=\"yoast-schema-graph\">{\"@context\":\"https:\/\/schema.org\",\"@graph\":[{\"@type\":\"WebPage\",\"@id\":\"https:\/\/www.gouffre-de-cabrespine.com\/es\/coupure_presse\/o-la-belle-vie-france-3-2021-2\/\",\"url\":\"https:\/\/www.gouffre-de-cabrespine.com\/es\/coupure_presse\/o-la-belle-vie-france-3-2021-2\/\",\"name\":\"\u00d4 La Belle Vie - France 3 - 2021 - Gouffre G\u00e9ant de Cabrespine\",\"isPartOf\":{\"@id\":\"https:\/\/www.gouffre-de-cabrespine.com\/#website\"},\"primaryImageOfPage\":{\"@id\":\"https:\/\/www.gouffre-de-cabrespine.com\/es\/coupure_presse\/o-la-belle-vie-france-3-2021-2\/#primaryimage\"},\"image\":{\"@id\":\"https:\/\/www.gouffre-de-cabrespine.com\/es\/coupure_presse\/o-la-belle-vie-france-3-2021-2\/#primaryimage\"},\"thumbnailUrl\":\"https:\/\/www.gouffre-de-cabrespine.com\/wp-content\/uploads\/2021\/02\/Capture.png\",\"datePublished\":\"2021-02-14T08:30:29+00:00\",\"breadcrumb\":{\"@id\":\"https:\/\/www.gouffre-de-cabrespine.com\/es\/coupure_presse\/o-la-belle-vie-france-3-2021-2\/#breadcrumb\"},\"inLanguage\":\"es\",\"potentialAction\":[{\"@type\":\"ReadAction\",\"target\":[\"https:\/\/www.gouffre-de-cabrespine.com\/es\/coupure_presse\/o-la-belle-vie-france-3-2021-2\/\"]}]},{\"@type\":\"ImageObject\",\"inLanguage\":\"es\",\"@id\":\"https:\/\/www.gouffre-de-cabrespine.com\/es\/coupure_presse\/o-la-belle-vie-france-3-2021-2\/#primaryimage\",\"url\":\"https:\/\/www.gouffre-de-cabrespine.com\/wp-content\/uploads\/2021\/02\/Capture.png\",\"contentUrl\":\"https:\/\/www.gouffre-de-cabrespine.com\/wp-content\/uploads\/2021\/02\/Capture.png\",\"width\":767,\"height\":533,\"caption\":\"grotte cabrespine\"},{\"@type\":\"BreadcrumbList\",\"@id\":\"https:\/\/www.gouffre-de-cabrespine.com\/es\/coupure_presse\/o-la-belle-vie-france-3-2021-2\/#breadcrumb\",\"itemListElement\":[{\"@type\":\"ListItem\",\"position\":1,\"name\":\"Accueil\",\"item\":\"https:\/\/www.gouffre-de-cabrespine.com\/es\/\"},{\"@type\":\"ListItem\",\"position\":2,\"name\":\"\u00d4 La Belle Vie &#8211; France 3 &#8211; 2021\"}]},{\"@type\":\"WebSite\",\"@id\":\"https:\/\/www.gouffre-de-cabrespine.com\/#website\",\"url\":\"https:\/\/www.gouffre-de-cabrespine.com\/\",\"name\":\"Gouffre G\u00e9ant de Cabrespine\",\"description\":\"Plongez au coeur du Gouffre G\u00e9ant de Cabrespine\",\"potentialAction\":[{\"@type\":\"SearchAction\",\"target\":{\"@type\":\"EntryPoint\",\"urlTemplate\":\"https:\/\/www.gouffre-de-cabrespine.com\/?s={search_term_string}\"},\"query-input\":{\"@type\":\"PropertyValueSpecification\",\"valueRequired\":true,\"valueName\":\"search_term_string\"}}],\"inLanguage\":\"es\"}]}<\/script>\n<!-- \/ Yoast SEO plugin. -->","yoast_head_json":{"title":"\u00d4 La Belle Vie - France 3 - 2021 - Gouffre G\u00e9ant de Cabrespine","robots":{"index":"index","follow":"follow","max-snippet":"max-snippet:-1","max-image-preview":"max-image-preview:large","max-video-preview":"max-video-preview:-1"},"canonical":"https:\/\/www.gouffre-de-cabrespine.com\/es\/coupure_presse\/o-la-belle-vie-france-3-2021-2\/","og_locale":"es_ES","og_type":"article","og_title":"\u00d4 La Belle Vie - France 3 - 2021 - Gouffre G\u00e9ant de Cabrespine","og_description":"\u00abCarcassonne : Au-del\u00e0 des remparts\u00bb D\u00e9couvrez le passage sur le [...]","og_url":"https:\/\/www.gouffre-de-cabrespine.com\/es\/coupure_presse\/o-la-belle-vie-france-3-2021-2\/","og_site_name":"Gouffre G\u00e9ant de Cabrespine","og_image":[{"width":767,"height":533,"url":"https:\/\/www.gouffre-de-cabrespine.com\/wp-content\/uploads\/2021\/02\/Capture.png","type":"image\/png"}],"twitter_card":"summary_large_image","schema":{"@context":"https:\/\/schema.org","@graph":[{"@type":"WebPage","@id":"https:\/\/www.gouffre-de-cabrespine.com\/es\/coupure_presse\/o-la-belle-vie-france-3-2021-2\/","url":"https:\/\/www.gouffre-de-cabrespine.com\/es\/coupure_presse\/o-la-belle-vie-france-3-2021-2\/","name":"\u00d4 La Belle Vie - France 3 - 2021 - Gouffre G\u00e9ant de Cabrespine","isPartOf":{"@id":"https:\/\/www.gouffre-de-cabrespine.com\/#website"},"primaryImageOfPage":{"@id":"https:\/\/www.gouffre-de-cabrespine.com\/es\/coupure_presse\/o-la-belle-vie-france-3-2021-2\/#primaryimage"},"image":{"@id":"https:\/\/www.gouffre-de-cabrespine.com\/es\/coupure_presse\/o-la-belle-vie-france-3-2021-2\/#primaryimage"},"thumbnailUrl":"https:\/\/www.gouffre-de-cabrespine.com\/wp-content\/uploads\/2021\/02\/Capture.png","datePublished":"2021-02-14T08:30:29+00:00","breadcrumb":{"@id":"https:\/\/www.gouffre-de-cabrespine.com\/es\/coupure_presse\/o-la-belle-vie-france-3-2021-2\/#breadcrumb"},"inLanguage":"es","potentialAction":[{"@type":"ReadAction","target":["https:\/\/www.gouffre-de-cabrespine.com\/es\/coupure_presse\/o-la-belle-vie-france-3-2021-2\/"]}]},{"@type":"ImageObject","inLanguage":"es","@id":"https:\/\/www.gouffre-de-cabrespine.com\/es\/coupure_presse\/o-la-belle-vie-france-3-2021-2\/#primaryimage","url":"https:\/\/www.gouffre-de-cabrespine.com\/wp-content\/uploads\/2021\/02\/Capture.png","contentUrl":"https:\/\/www.gouffre-de-cabrespine.com\/wp-content\/uploads\/2021\/02\/Capture.png","width":767,"height":533,"caption":"grotte cabrespine"},{"@type":"BreadcrumbList","@id":"https:\/\/www.gouffre-de-cabrespine.com\/es\/coupure_presse\/o-la-belle-vie-france-3-2021-2\/#breadcrumb","itemListElement":[{"@type":"ListItem","position":1,"name":"Accueil","item":"https:\/\/www.gouffre-de-cabrespine.com\/es\/"},{"@type":"ListItem","position":2,"name":"\u00d4 La Belle Vie &#8211; France 3 &#8211; 2021"}]},{"@type":"WebSite","@id":"https:\/\/www.gouffre-de-cabrespine.com\/#website","url":"https:\/\/www.gouffre-de-cabrespine.com\/","name":"Gouffre G\u00e9ant de Cabrespine","description":"Plongez au coeur du Gouffre G\u00e9ant de Cabrespine","potentialAction":[{"@type":"SearchAction","target":{"@type":"EntryPoint","urlTemplate":"https:\/\/www.gouffre-de-cabrespine.com\/?s={search_term_string}"},"query-input":{"@type":"PropertyValueSpecification","valueRequired":true,"valueName":"search_term_string"}}],"inLanguage":"es"}]}},"_links":{"self":[{"href":"https:\/\/www.gouffre-de-cabrespine.com\/es\/wp-json\/wp\/v2\/coupure_presse\/3691","targetHints":{"allow":["GET"]}}],"collection":[{"href":"https:\/\/www.gouffre-de-cabrespine.com\/es\/wp-json\/wp\/v2\/coupure_presse"}],"about":[{"href":"https:\/\/www.gouffre-de-cabrespine.com\/es\/wp-json\/wp\/v2\/types\/coupure_presse"}],"wp:featuredmedia":[{"embeddable":true,"href":"https:\/\/www.gouffre-de-cabrespine.com\/es\/wp-json\/wp\/v2\/media\/3446"}],"wp:attachment":[{"href":"https:\/\/www.gouffre-de-cabrespine.com\/es\/wp-json\/wp\/v2\/media?parent=3691"}],"curies":[{"name":"wp","href":"https:\/\/api.w.org\/{rel}","templated":true}]}}