{"id":4910,"date":"2022-03-25T09:30:29","date_gmt":"2022-03-25T08:30:29","guid":{"rendered":"https:\/\/www.gouffre-de-cabrespine.com\/coupure_presse\/le-13h-france-2-2\/"},"modified":"2022-03-25T09:30:29","modified_gmt":"2022-03-25T08:30:29","slug":"le-13h-france-2-2","status":"publish","type":"coupure_presse","link":"https:\/\/www.gouffre-de-cabrespine.com\/en\/coupure_presse\/le-13h-france-2-2\/","title":{"rendered":"Le 13h &#8211; France 2"},"content":{"rendered":"<h2 style=\"text-align: center;\">&#8220;Pays Cathare : La Vigne en H\u00e9ritage&#8221;<\/h2>\n<p style=\"text-align: center;\">D\u00e9couvrez ce beau reportage r\u00e9alis\u00e9 par les \u00e9quipes du 13 heures de France 2, sur Gabriel PORTAL et sa d\u00e9marche de vieillissement de vin dans le Gouffre G\u00e9ant de Cabrespine<\/p>\n<div class=\"wp-playlist wp-video-playlist wp-playlist-light\">\n\t\t<video controls=\"controls\" preload=\"none\" width=\"1378\"\n\t\t height=\"781\"\t><\/video>\n\t<div class=\"wp-playlist-next\"><\/div>\n\t<div class=\"wp-playlist-prev\"><\/div>\n\t<noscript>\n\t<ol>\n\t\t<li><a data-rel=\"iLightbox[postimages]\" data-title=\"France 2 25032022-C Pays Cathares La Vigne en h\u00e9ritage\" data-caption=\"\" href='https:\/\/www.gouffre-de-cabrespine.com\/wp-content\/uploads\/2021\/02\/France-2-25032022-C-Pays-Cathares-La-Vigne-en-heritage.mp4'>France 2 25032022-C Pays Cathares La Vigne en h\u00e9ritage<\/a><\/li>\t<\/ol>\n\t<\/noscript>\n\t<script type=\"application\/json\" class=\"wp-playlist-script\">{\"type\":\"video\",\"tracklist\":true,\"tracknumbers\":true,\"images\":true,\"artists\":true,\"tracks\":[{\"src\":\"https:\/\/www.gouffre-de-cabrespine.com\/wp-content\/uploads\/2021\/02\/France-2-25032022-C-Pays-Cathares-La-Vigne-en-heritage.mp4\",\"type\":\"video\/mp4\",\"title\":\"France 2 25032022-C Pays Cathares La Vigne en h\\u00e9ritage\",\"caption\":\"\",\"description\":\"\",\"meta\":{\"length_formatted\":\"4:59\"},\"dimensions\":{\"original\":{\"width\":720,\"height\":408},\"resized\":{\"width\":1378,\"height\":781}},\"image\":{\"src\":\"https:\/\/www.gouffre-de-cabrespine.com\/wp-includes\/images\/media\/video.svg\",\"width\":48,\"height\":64},\"thumb\":{\"src\":\"https:\/\/www.gouffre-de-cabrespine.com\/wp-includes\/images\/media\/video.svg\",\"width\":48,\"height\":64}}]}<\/script>\n<\/div>\n\t\n<span class=\"et_bloom_bottom_trigger\"><\/span>","protected":false},"featured_media":4625,"template":"","class_list":["post-4910","coupure_presse","type-coupure_presse","status-publish","has-post-thumbnail","hentry"],"acf":[],"yoast_head":"<!-- This site is optimized with the Yoast SEO plugin v26.8 - https:\/\/yoast.com\/product\/yoast-seo-wordpress\/ -->\n<title>Le 13h - France 2 - Gouffre G\u00e9ant de Cabrespine<\/title>\n<meta name=\"robots\" content=\"index, follow, max-snippet:-1, max-image-preview:large, max-video-preview:-1\" \/>\n<link rel=\"canonical\" href=\"https:\/\/www.gouffre-de-cabrespine.com\/coupure_presse\/le-13h-france-2-2\/\" \/>\n<meta property=\"og:locale\" content=\"en_US\" \/>\n<meta property=\"og:type\" content=\"article\" \/>\n<meta property=\"og:title\" content=\"Le 13h - France 2 - Gouffre G\u00e9ant de Cabrespine\" \/>\n<meta property=\"og:description\" content=\"&#8220;Pays Cathare : La Vigne en H\u00e9ritage&#8221; D\u00e9couvrez ce beau [...]\" \/>\n<meta property=\"og:url\" content=\"https:\/\/www.gouffre-de-cabrespine.com\/coupure_presse\/le-13h-france-2-2\/\" \/>\n<meta property=\"og:site_name\" content=\"Gouffre G\u00e9ant de Cabrespine\" \/>\n<meta property=\"og:image\" content=\"https:\/\/www.gouffre-de-cabrespine.com\/wp-content\/uploads\/2021\/02\/France-2-Pays-Cathare-la-vigne-en-heritage.png\" \/>\n\t<meta property=\"og:image:width\" content=\"877\" \/>\n\t<meta property=\"og:image:height\" content=\"508\" \/>\n\t<meta property=\"og:image:type\" content=\"image\/png\" \/>\n<meta name=\"twitter:card\" content=\"summary_large_image\" \/>\n<meta name=\"twitter:label1\" content=\"Est. reading time\" \/>\n\t<meta name=\"twitter:data1\" content=\"1 minute\" \/>\n<script type=\"application\/ld+json\" class=\"yoast-schema-graph\">{\"@context\":\"https:\/\/schema.org\",\"@graph\":[{\"@type\":\"WebPage\",\"@id\":\"https:\/\/www.gouffre-de-cabrespine.com\/coupure_presse\/le-13h-france-2-2\/\",\"url\":\"https:\/\/www.gouffre-de-cabrespine.com\/coupure_presse\/le-13h-france-2-2\/\",\"name\":\"Le 13h - France 2 - Gouffre G\u00e9ant de Cabrespine\",\"isPartOf\":{\"@id\":\"https:\/\/www.gouffre-de-cabrespine.com\/#website\"},\"primaryImageOfPage\":{\"@id\":\"https:\/\/www.gouffre-de-cabrespine.com\/coupure_presse\/le-13h-france-2-2\/#primaryimage\"},\"image\":{\"@id\":\"https:\/\/www.gouffre-de-cabrespine.com\/coupure_presse\/le-13h-france-2-2\/#primaryimage\"},\"thumbnailUrl\":\"https:\/\/www.gouffre-de-cabrespine.com\/wp-content\/uploads\/2021\/02\/France-2-Pays-Cathare-la-vigne-en-heritage.png\",\"datePublished\":\"2022-03-25T08:30:29+00:00\",\"breadcrumb\":{\"@id\":\"https:\/\/www.gouffre-de-cabrespine.com\/coupure_presse\/le-13h-france-2-2\/#breadcrumb\"},\"inLanguage\":\"en-US\",\"potentialAction\":[{\"@type\":\"ReadAction\",\"target\":[\"https:\/\/www.gouffre-de-cabrespine.com\/coupure_presse\/le-13h-france-2-2\/\"]}]},{\"@type\":\"ImageObject\",\"inLanguage\":\"en-US\",\"@id\":\"https:\/\/www.gouffre-de-cabrespine.com\/coupure_presse\/le-13h-france-2-2\/#primaryimage\",\"url\":\"https:\/\/www.gouffre-de-cabrespine.com\/wp-content\/uploads\/2021\/02\/France-2-Pays-Cathare-la-vigne-en-heritage.png\",\"contentUrl\":\"https:\/\/www.gouffre-de-cabrespine.com\/wp-content\/uploads\/2021\/02\/France-2-Pays-Cathare-la-vigne-en-heritage.png\",\"width\":877,\"height\":508},{\"@type\":\"BreadcrumbList\",\"@id\":\"https:\/\/www.gouffre-de-cabrespine.com\/coupure_presse\/le-13h-france-2-2\/#breadcrumb\",\"itemListElement\":[{\"@type\":\"ListItem\",\"position\":1,\"name\":\"Accueil\",\"item\":\"https:\/\/www.gouffre-de-cabrespine.com\/en\/\"},{\"@type\":\"ListItem\",\"position\":2,\"name\":\"Le 13h &#8211; France 2\"}]},{\"@type\":\"WebSite\",\"@id\":\"https:\/\/www.gouffre-de-cabrespine.com\/#website\",\"url\":\"https:\/\/www.gouffre-de-cabrespine.com\/\",\"name\":\"Gouffre G\u00e9ant de Cabrespine\",\"description\":\"Plongez au coeur du Gouffre G\u00e9ant de Cabrespine\",\"potentialAction\":[{\"@type\":\"SearchAction\",\"target\":{\"@type\":\"EntryPoint\",\"urlTemplate\":\"https:\/\/www.gouffre-de-cabrespine.com\/?s={search_term_string}\"},\"query-input\":{\"@type\":\"PropertyValueSpecification\",\"valueRequired\":true,\"valueName\":\"search_term_string\"}}],\"inLanguage\":\"en-US\"}]}<\/script>\n<!-- \/ Yoast SEO plugin. -->","yoast_head_json":{"title":"Le 13h - France 2 - Gouffre G\u00e9ant de Cabrespine","robots":{"index":"index","follow":"follow","max-snippet":"max-snippet:-1","max-image-preview":"max-image-preview:large","max-video-preview":"max-video-preview:-1"},"canonical":"https:\/\/www.gouffre-de-cabrespine.com\/coupure_presse\/le-13h-france-2-2\/","og_locale":"en_US","og_type":"article","og_title":"Le 13h - France 2 - Gouffre G\u00e9ant de Cabrespine","og_description":"&#8220;Pays Cathare : La Vigne en H\u00e9ritage&#8221; D\u00e9couvrez ce beau [...]","og_url":"https:\/\/www.gouffre-de-cabrespine.com\/coupure_presse\/le-13h-france-2-2\/","og_site_name":"Gouffre G\u00e9ant de Cabrespine","og_image":[{"width":877,"height":508,"url":"https:\/\/www.gouffre-de-cabrespine.com\/wp-content\/uploads\/2021\/02\/France-2-Pays-Cathare-la-vigne-en-heritage.png","type":"image\/png"}],"twitter_card":"summary_large_image","twitter_misc":{"Est. reading time":"1 minute"},"schema":{"@context":"https:\/\/schema.org","@graph":[{"@type":"WebPage","@id":"https:\/\/www.gouffre-de-cabrespine.com\/coupure_presse\/le-13h-france-2-2\/","url":"https:\/\/www.gouffre-de-cabrespine.com\/coupure_presse\/le-13h-france-2-2\/","name":"Le 13h - France 2 - Gouffre G\u00e9ant de Cabrespine","isPartOf":{"@id":"https:\/\/www.gouffre-de-cabrespine.com\/#website"},"primaryImageOfPage":{"@id":"https:\/\/www.gouffre-de-cabrespine.com\/coupure_presse\/le-13h-france-2-2\/#primaryimage"},"image":{"@id":"https:\/\/www.gouffre-de-cabrespine.com\/coupure_presse\/le-13h-france-2-2\/#primaryimage"},"thumbnailUrl":"https:\/\/www.gouffre-de-cabrespine.com\/wp-content\/uploads\/2021\/02\/France-2-Pays-Cathare-la-vigne-en-heritage.png","datePublished":"2022-03-25T08:30:29+00:00","breadcrumb":{"@id":"https:\/\/www.gouffre-de-cabrespine.com\/coupure_presse\/le-13h-france-2-2\/#breadcrumb"},"inLanguage":"en-US","potentialAction":[{"@type":"ReadAction","target":["https:\/\/www.gouffre-de-cabrespine.com\/coupure_presse\/le-13h-france-2-2\/"]}]},{"@type":"ImageObject","inLanguage":"en-US","@id":"https:\/\/www.gouffre-de-cabrespine.com\/coupure_presse\/le-13h-france-2-2\/#primaryimage","url":"https:\/\/www.gouffre-de-cabrespine.com\/wp-content\/uploads\/2021\/02\/France-2-Pays-Cathare-la-vigne-en-heritage.png","contentUrl":"https:\/\/www.gouffre-de-cabrespine.com\/wp-content\/uploads\/2021\/02\/France-2-Pays-Cathare-la-vigne-en-heritage.png","width":877,"height":508},{"@type":"BreadcrumbList","@id":"https:\/\/www.gouffre-de-cabrespine.com\/coupure_presse\/le-13h-france-2-2\/#breadcrumb","itemListElement":[{"@type":"ListItem","position":1,"name":"Accueil","item":"https:\/\/www.gouffre-de-cabrespine.com\/en\/"},{"@type":"ListItem","position":2,"name":"Le 13h &#8211; France 2"}]},{"@type":"WebSite","@id":"https:\/\/www.gouffre-de-cabrespine.com\/#website","url":"https:\/\/www.gouffre-de-cabrespine.com\/","name":"Gouffre G\u00e9ant de Cabrespine","description":"Plongez au coeur du Gouffre G\u00e9ant de Cabrespine","potentialAction":[{"@type":"SearchAction","target":{"@type":"EntryPoint","urlTemplate":"https:\/\/www.gouffre-de-cabrespine.com\/?s={search_term_string}"},"query-input":{"@type":"PropertyValueSpecification","valueRequired":true,"valueName":"search_term_string"}}],"inLanguage":"en-US"}]}},"_links":{"self":[{"href":"https:\/\/www.gouffre-de-cabrespine.com\/en\/wp-json\/wp\/v2\/coupure_presse\/4910","targetHints":{"allow":["GET"]}}],"collection":[{"href":"https:\/\/www.gouffre-de-cabrespine.com\/en\/wp-json\/wp\/v2\/coupure_presse"}],"about":[{"href":"https:\/\/www.gouffre-de-cabrespine.com\/en\/wp-json\/wp\/v2\/types\/coupure_presse"}],"wp:featuredmedia":[{"embeddable":true,"href":"https:\/\/www.gouffre-de-cabrespine.com\/en\/wp-json\/wp\/v2\/media\/4625"}],"wp:attachment":[{"href":"https:\/\/www.gouffre-de-cabrespine.com\/en\/wp-json\/wp\/v2\/media?parent=4910"}],"curies":[{"name":"wp","href":"https:\/\/api.w.org\/{rel}","templated":true}]}}