{"id":3218,"date":"2016-08-09T17:24:29","date_gmt":"2016-08-09T15:24:29","guid":{"rendered":"https:\/\/www.gouffre-de-cabrespine.com\/coupure_presse\/la-depeche-du-midi-1992-4\/"},"modified":"2021-02-09T12:18:04","modified_gmt":"2021-02-09T11:18:04","slug":"la-depeche-du-midi-2016","status":"publish","type":"coupure_presse","link":"https:\/\/www.gouffre-de-cabrespine.com\/en\/coupure_presse\/la-depeche-du-midi-2016\/","title":{"rendered":"La D\u00e9p\u00eache du Midi &#8211; 2016"},"content":{"rendered":"<h2 style=\"text-align: center;\"><strong>&#8220;Il s&#8217;offre le Gouffre pour ses 75 ans&#8221;<\/strong><\/h2>\n<p style=\"text-align: center;\">D\u00e9couvrez un article relatant la descente d&#8217;Andr\u00e9 Rieussec pour ses 75 ans au fond du Gouffre de Cabrespine, paru en Ao\u00fbt 2016 dans la D\u00e9p\u00eache du Midi.<\/p>\n<p style=\"text-align: center;\">&#8220;Andr\u00e9 Rieussec fait partie des premi\u00e8res personnes \u00e0 avoir d\u00e9couvert le Gouffre G\u00e9ant de Cabrespine.&#8221;<\/p>\n<p><img decoding=\"async\" class=\"wp-image-3207 size-medium aligncenter\" src=\"https:\/\/www.gouffre-de-cabrespine.com\/wp-content\/uploads\/2021\/01\/La-Depeche-du-Midi-03082016-C-Il-soffre-le-Gouffre-pour-ses-75-ans-212x300.jpg\" alt=\"\" width=\"212\" height=\"300\" srcset=\"https:\/\/www.gouffre-de-cabrespine.com\/wp-content\/uploads\/2021\/01\/La-Depeche-du-Midi-03082016-C-Il-soffre-le-Gouffre-pour-ses-75-ans-200x283.jpg 200w, https:\/\/www.gouffre-de-cabrespine.com\/wp-content\/uploads\/2021\/01\/La-Depeche-du-Midi-03082016-C-Il-soffre-le-Gouffre-pour-ses-75-ans-212x300.jpg 212w, https:\/\/www.gouffre-de-cabrespine.com\/wp-content\/uploads\/2021\/01\/La-Depeche-du-Midi-03082016-C-Il-soffre-le-Gouffre-pour-ses-75-ans-400x566.jpg 400w, https:\/\/www.gouffre-de-cabrespine.com\/wp-content\/uploads\/2021\/01\/La-Depeche-du-Midi-03082016-C-Il-soffre-le-Gouffre-pour-ses-75-ans-412x583.jpg 412w, https:\/\/www.gouffre-de-cabrespine.com\/wp-content\/uploads\/2021\/01\/La-Depeche-du-Midi-03082016-C-Il-soffre-le-Gouffre-pour-ses-75-ans-474x670.jpg 474w, https:\/\/www.gouffre-de-cabrespine.com\/wp-content\/uploads\/2021\/01\/La-Depeche-du-Midi-03082016-C-Il-soffre-le-Gouffre-pour-ses-75-ans-600x849.jpg 600w, https:\/\/www.gouffre-de-cabrespine.com\/wp-content\/uploads\/2021\/01\/La-Depeche-du-Midi-03082016-C-Il-soffre-le-Gouffre-pour-ses-75-ans-724x1024.jpg 724w, https:\/\/www.gouffre-de-cabrespine.com\/wp-content\/uploads\/2021\/01\/La-Depeche-du-Midi-03082016-C-Il-soffre-le-Gouffre-pour-ses-75-ans-768x1086.jpg 768w, https:\/\/www.gouffre-de-cabrespine.com\/wp-content\/uploads\/2021\/01\/La-Depeche-du-Midi-03082016-C-Il-soffre-le-Gouffre-pour-ses-75-ans-800x1132.jpg 800w, https:\/\/www.gouffre-de-cabrespine.com\/wp-content\/uploads\/2021\/01\/La-Depeche-du-Midi-03082016-C-Il-soffre-le-Gouffre-pour-ses-75-ans-1086x1536.jpg 1086w, https:\/\/www.gouffre-de-cabrespine.com\/wp-content\/uploads\/2021\/01\/La-Depeche-du-Midi-03082016-C-Il-soffre-le-Gouffre-pour-ses-75-ans-1200x1697.jpg 1200w, https:\/\/www.gouffre-de-cabrespine.com\/wp-content\/uploads\/2021\/01\/La-Depeche-du-Midi-03082016-C-Il-soffre-le-Gouffre-pour-ses-75-ans-1448x2048.jpg 1448w, https:\/\/www.gouffre-de-cabrespine.com\/wp-content\/uploads\/2021\/01\/La-Depeche-du-Midi-03082016-C-Il-soffre-le-Gouffre-pour-ses-75-ans-scaled.jpg 1810w\" sizes=\"(max-width: 212px) 100vw, 212px\" \/><\/p>\n<span class=\"et_bloom_bottom_trigger\"><\/span>","protected":false},"featured_media":3209,"template":"","class_list":["post-3218","coupure_presse","type-coupure_presse","status-publish","has-post-thumbnail","hentry"],"acf":[],"yoast_head":"<!-- This site is optimized with the Yoast SEO plugin v26.8 - https:\/\/yoast.com\/product\/yoast-seo-wordpress\/ -->\n<title>La D\u00e9p\u00eache du Midi - 2016 - Gouffre G\u00e9ant de Cabrespine<\/title>\n<meta name=\"robots\" content=\"index, follow, max-snippet:-1, max-image-preview:large, max-video-preview:-1\" \/>\n<link rel=\"canonical\" href=\"https:\/\/www.gouffre-de-cabrespine.com\/en\/coupure_presse\/la-depeche-du-midi-2016\/\" \/>\n<meta property=\"og:locale\" content=\"en_US\" \/>\n<meta property=\"og:type\" content=\"article\" \/>\n<meta property=\"og:title\" content=\"La D\u00e9p\u00eache du Midi - 2016 - Gouffre G\u00e9ant de Cabrespine\" \/>\n<meta property=\"og:description\" content=\"&#8220;Il s&#8217;offre le Gouffre pour ses 75 ans&#8221; D\u00e9couvrez un [...]\" \/>\n<meta property=\"og:url\" content=\"https:\/\/www.gouffre-de-cabrespine.com\/en\/coupure_presse\/la-depeche-du-midi-2016\/\" \/>\n<meta property=\"og:site_name\" content=\"Gouffre G\u00e9ant de Cabrespine\" \/>\n<meta property=\"article:modified_time\" content=\"2021-02-09T11:18:04+00:00\" \/>\n<meta property=\"og:image\" content=\"https:\/\/www.gouffre-de-cabrespine.com\/wp-content\/uploads\/2021\/01\/La-Depeche-du-Midi-03082016-C-Il-soffre-le-Gouffre-pour-ses-75-ans.jpg\" \/>\n\t<meta property=\"og:image:width\" content=\"1810\" \/>\n\t<meta property=\"og:image:height\" content=\"2560\" \/>\n\t<meta property=\"og:image:type\" content=\"image\/jpeg\" \/>\n<meta name=\"twitter:card\" content=\"summary_large_image\" \/>\n<script type=\"application\/ld+json\" class=\"yoast-schema-graph\">{\"@context\":\"https:\/\/schema.org\",\"@graph\":[{\"@type\":\"WebPage\",\"@id\":\"https:\/\/www.gouffre-de-cabrespine.com\/en\/coupure_presse\/la-depeche-du-midi-2016\/\",\"url\":\"https:\/\/www.gouffre-de-cabrespine.com\/en\/coupure_presse\/la-depeche-du-midi-2016\/\",\"name\":\"La D\u00e9p\u00eache du Midi - 2016 - Gouffre G\u00e9ant de Cabrespine\",\"isPartOf\":{\"@id\":\"https:\/\/www.gouffre-de-cabrespine.com\/#website\"},\"primaryImageOfPage\":{\"@id\":\"https:\/\/www.gouffre-de-cabrespine.com\/en\/coupure_presse\/la-depeche-du-midi-2016\/#primaryimage\"},\"image\":{\"@id\":\"https:\/\/www.gouffre-de-cabrespine.com\/en\/coupure_presse\/la-depeche-du-midi-2016\/#primaryimage\"},\"thumbnailUrl\":\"https:\/\/www.gouffre-de-cabrespine.com\/wp-content\/uploads\/2021\/01\/La-Depeche-du-Midi-03082016-C-Il-soffre-le-Gouffre-pour-ses-75-ans.jpg\",\"datePublished\":\"2016-08-09T15:24:29+00:00\",\"dateModified\":\"2021-02-09T11:18:04+00:00\",\"breadcrumb\":{\"@id\":\"https:\/\/www.gouffre-de-cabrespine.com\/en\/coupure_presse\/la-depeche-du-midi-2016\/#breadcrumb\"},\"inLanguage\":\"en-US\",\"potentialAction\":[{\"@type\":\"ReadAction\",\"target\":[\"https:\/\/www.gouffre-de-cabrespine.com\/en\/coupure_presse\/la-depeche-du-midi-2016\/\"]}]},{\"@type\":\"ImageObject\",\"inLanguage\":\"en-US\",\"@id\":\"https:\/\/www.gouffre-de-cabrespine.com\/en\/coupure_presse\/la-depeche-du-midi-2016\/#primaryimage\",\"url\":\"https:\/\/www.gouffre-de-cabrespine.com\/wp-content\/uploads\/2021\/01\/La-Depeche-du-Midi-03082016-C-Il-soffre-le-Gouffre-pour-ses-75-ans.jpg\",\"contentUrl\":\"https:\/\/www.gouffre-de-cabrespine.com\/wp-content\/uploads\/2021\/01\/La-Depeche-du-Midi-03082016-C-Il-soffre-le-Gouffre-pour-ses-75-ans.jpg\",\"width\":1810,\"height\":2560,\"caption\":\"La D\u00e9p\u00eache du Midi 03082016-C Il s'offre le Gouffre pour ses 75 ans\"},{\"@type\":\"BreadcrumbList\",\"@id\":\"https:\/\/www.gouffre-de-cabrespine.com\/en\/coupure_presse\/la-depeche-du-midi-2016\/#breadcrumb\",\"itemListElement\":[{\"@type\":\"ListItem\",\"position\":1,\"name\":\"Accueil\",\"item\":\"https:\/\/www.gouffre-de-cabrespine.com\/en\/\"},{\"@type\":\"ListItem\",\"position\":2,\"name\":\"La D\u00e9p\u00eache du Midi &#8211; 2016\"}]},{\"@type\":\"WebSite\",\"@id\":\"https:\/\/www.gouffre-de-cabrespine.com\/#website\",\"url\":\"https:\/\/www.gouffre-de-cabrespine.com\/\",\"name\":\"Gouffre G\u00e9ant de Cabrespine\",\"description\":\"Plongez au coeur du Gouffre G\u00e9ant de Cabrespine\",\"potentialAction\":[{\"@type\":\"SearchAction\",\"target\":{\"@type\":\"EntryPoint\",\"urlTemplate\":\"https:\/\/www.gouffre-de-cabrespine.com\/?s={search_term_string}\"},\"query-input\":{\"@type\":\"PropertyValueSpecification\",\"valueRequired\":true,\"valueName\":\"search_term_string\"}}],\"inLanguage\":\"en-US\"}]}<\/script>\n<!-- \/ Yoast SEO plugin. -->","yoast_head_json":{"title":"La D\u00e9p\u00eache du Midi - 2016 - Gouffre G\u00e9ant de Cabrespine","robots":{"index":"index","follow":"follow","max-snippet":"max-snippet:-1","max-image-preview":"max-image-preview:large","max-video-preview":"max-video-preview:-1"},"canonical":"https:\/\/www.gouffre-de-cabrespine.com\/en\/coupure_presse\/la-depeche-du-midi-2016\/","og_locale":"en_US","og_type":"article","og_title":"La D\u00e9p\u00eache du Midi - 2016 - Gouffre G\u00e9ant de Cabrespine","og_description":"&#8220;Il s&#8217;offre le Gouffre pour ses 75 ans&#8221; D\u00e9couvrez un [...]","og_url":"https:\/\/www.gouffre-de-cabrespine.com\/en\/coupure_presse\/la-depeche-du-midi-2016\/","og_site_name":"Gouffre G\u00e9ant de Cabrespine","article_modified_time":"2021-02-09T11:18:04+00:00","og_image":[{"width":1810,"height":2560,"url":"https:\/\/www.gouffre-de-cabrespine.com\/wp-content\/uploads\/2021\/01\/La-Depeche-du-Midi-03082016-C-Il-soffre-le-Gouffre-pour-ses-75-ans.jpg","type":"image\/jpeg"}],"twitter_card":"summary_large_image","schema":{"@context":"https:\/\/schema.org","@graph":[{"@type":"WebPage","@id":"https:\/\/www.gouffre-de-cabrespine.com\/en\/coupure_presse\/la-depeche-du-midi-2016\/","url":"https:\/\/www.gouffre-de-cabrespine.com\/en\/coupure_presse\/la-depeche-du-midi-2016\/","name":"La D\u00e9p\u00eache du Midi - 2016 - Gouffre G\u00e9ant de Cabrespine","isPartOf":{"@id":"https:\/\/www.gouffre-de-cabrespine.com\/#website"},"primaryImageOfPage":{"@id":"https:\/\/www.gouffre-de-cabrespine.com\/en\/coupure_presse\/la-depeche-du-midi-2016\/#primaryimage"},"image":{"@id":"https:\/\/www.gouffre-de-cabrespine.com\/en\/coupure_presse\/la-depeche-du-midi-2016\/#primaryimage"},"thumbnailUrl":"https:\/\/www.gouffre-de-cabrespine.com\/wp-content\/uploads\/2021\/01\/La-Depeche-du-Midi-03082016-C-Il-soffre-le-Gouffre-pour-ses-75-ans.jpg","datePublished":"2016-08-09T15:24:29+00:00","dateModified":"2021-02-09T11:18:04+00:00","breadcrumb":{"@id":"https:\/\/www.gouffre-de-cabrespine.com\/en\/coupure_presse\/la-depeche-du-midi-2016\/#breadcrumb"},"inLanguage":"en-US","potentialAction":[{"@type":"ReadAction","target":["https:\/\/www.gouffre-de-cabrespine.com\/en\/coupure_presse\/la-depeche-du-midi-2016\/"]}]},{"@type":"ImageObject","inLanguage":"en-US","@id":"https:\/\/www.gouffre-de-cabrespine.com\/en\/coupure_presse\/la-depeche-du-midi-2016\/#primaryimage","url":"https:\/\/www.gouffre-de-cabrespine.com\/wp-content\/uploads\/2021\/01\/La-Depeche-du-Midi-03082016-C-Il-soffre-le-Gouffre-pour-ses-75-ans.jpg","contentUrl":"https:\/\/www.gouffre-de-cabrespine.com\/wp-content\/uploads\/2021\/01\/La-Depeche-du-Midi-03082016-C-Il-soffre-le-Gouffre-pour-ses-75-ans.jpg","width":1810,"height":2560,"caption":"La D\u00e9p\u00eache du Midi 03082016-C Il s'offre le Gouffre pour ses 75 ans"},{"@type":"BreadcrumbList","@id":"https:\/\/www.gouffre-de-cabrespine.com\/en\/coupure_presse\/la-depeche-du-midi-2016\/#breadcrumb","itemListElement":[{"@type":"ListItem","position":1,"name":"Accueil","item":"https:\/\/www.gouffre-de-cabrespine.com\/en\/"},{"@type":"ListItem","position":2,"name":"La D\u00e9p\u00eache du Midi &#8211; 2016"}]},{"@type":"WebSite","@id":"https:\/\/www.gouffre-de-cabrespine.com\/#website","url":"https:\/\/www.gouffre-de-cabrespine.com\/","name":"Gouffre G\u00e9ant de Cabrespine","description":"Plongez au coeur du Gouffre G\u00e9ant de Cabrespine","potentialAction":[{"@type":"SearchAction","target":{"@type":"EntryPoint","urlTemplate":"https:\/\/www.gouffre-de-cabrespine.com\/?s={search_term_string}"},"query-input":{"@type":"PropertyValueSpecification","valueRequired":true,"valueName":"search_term_string"}}],"inLanguage":"en-US"}]}},"_links":{"self":[{"href":"https:\/\/www.gouffre-de-cabrespine.com\/en\/wp-json\/wp\/v2\/coupure_presse\/3218","targetHints":{"allow":["GET"]}}],"collection":[{"href":"https:\/\/www.gouffre-de-cabrespine.com\/en\/wp-json\/wp\/v2\/coupure_presse"}],"about":[{"href":"https:\/\/www.gouffre-de-cabrespine.com\/en\/wp-json\/wp\/v2\/types\/coupure_presse"}],"wp:featuredmedia":[{"embeddable":true,"href":"https:\/\/www.gouffre-de-cabrespine.com\/en\/wp-json\/wp\/v2\/media\/3209"}],"wp:attachment":[{"href":"https:\/\/www.gouffre-de-cabrespine.com\/en\/wp-json\/wp\/v2\/media?parent=3218"}],"curies":[{"name":"wp","href":"https:\/\/api.w.org\/{rel}","templated":true}]}}