{"id":3131,"date":"1992-09-09T17:24:29","date_gmt":"1992-09-09T15:24:29","guid":{"rendered":"https:\/\/www.gouffre-de-cabrespine.com\/coupure_presse\/france-3-occitanie-2020-3\/"},"modified":"2021-01-05T15:08:06","modified_gmt":"2021-01-05T14:08:06","slug":"la-depeche-du-midi-1992","status":"publish","type":"coupure_presse","link":"https:\/\/www.gouffre-de-cabrespine.com\/en\/coupure_presse\/la-depeche-du-midi-1992\/","title":{"rendered":"La D\u00e9p\u00eache du Midi &#8211; 1992"},"content":{"rendered":"<h2 style=\"text-align: center;\"><strong>&#8220;Cabrespine laur\u00e9at r\u00e9gional&#8221;<\/strong><\/h2>\n<p style=\"text-align: center;\">D\u00e9couvrez un article relatant l&#8217;obtention du prix &#8220;Les Bravos de l&#8217;Accueil&#8221; pour le Gouffre de Cabrespine, paru en Novembre 1992 dans la D\u00e9p\u00eache du Midi.<\/p>\n<p><img decoding=\"async\" class=\"aligncenter wp-image-3121 size-medium\" src=\"https:\/\/www.gouffre-de-cabrespine.com\/wp-content\/uploads\/2020\/09\/La-Depeche-du-Midi-27-11-1992-300x277.png\" alt=\"\" width=\"300\" height=\"277\" srcset=\"https:\/\/www.gouffre-de-cabrespine.com\/wp-content\/uploads\/2020\/09\/La-Depeche-du-Midi-27-11-1992-200x185.png 200w, https:\/\/www.gouffre-de-cabrespine.com\/wp-content\/uploads\/2020\/09\/La-Depeche-du-Midi-27-11-1992-300x277.png 300w, https:\/\/www.gouffre-de-cabrespine.com\/wp-content\/uploads\/2020\/09\/La-Depeche-du-Midi-27-11-1992-400x370.png 400w, https:\/\/www.gouffre-de-cabrespine.com\/wp-content\/uploads\/2020\/09\/La-Depeche-du-Midi-27-11-1992-600x555.png 600w, https:\/\/www.gouffre-de-cabrespine.com\/wp-content\/uploads\/2020\/09\/La-Depeche-du-Midi-27-11-1992.png 621w\" sizes=\"(max-width: 300px) 100vw, 300px\" \/><\/p>\n<span class=\"et_bloom_bottom_trigger\"><\/span>","protected":false},"featured_media":3123,"template":"","class_list":["post-3131","coupure_presse","type-coupure_presse","status-publish","has-post-thumbnail","hentry"],"acf":[],"yoast_head":"<!-- This site is optimized with the Yoast SEO plugin v26.8 - https:\/\/yoast.com\/product\/yoast-seo-wordpress\/ -->\n<title>La D\u00e9p\u00eache du Midi - 1992 - Gouffre G\u00e9ant de Cabrespine<\/title>\n<meta name=\"robots\" content=\"index, follow, max-snippet:-1, max-image-preview:large, max-video-preview:-1\" \/>\n<link rel=\"canonical\" href=\"https:\/\/www.gouffre-de-cabrespine.com\/en\/coupure_presse\/la-depeche-du-midi-1992\/\" \/>\n<meta property=\"og:locale\" content=\"en_US\" \/>\n<meta property=\"og:type\" content=\"article\" \/>\n<meta property=\"og:title\" content=\"La D\u00e9p\u00eache du Midi - 1992 - Gouffre G\u00e9ant de Cabrespine\" \/>\n<meta property=\"og:description\" content=\"&#8220;Cabrespine laur\u00e9at r\u00e9gional&#8221; D\u00e9couvrez un article relatant l&#8217;obtention du prix [...]\" \/>\n<meta property=\"og:url\" content=\"https:\/\/www.gouffre-de-cabrespine.com\/en\/coupure_presse\/la-depeche-du-midi-1992\/\" \/>\n<meta property=\"og:site_name\" content=\"Gouffre G\u00e9ant de Cabrespine\" \/>\n<meta property=\"article:modified_time\" content=\"2021-01-05T14:08:06+00:00\" \/>\n<meta property=\"og:image\" content=\"https:\/\/www.gouffre-de-cabrespine.com\/wp-content\/uploads\/2020\/09\/La-Depeche-du-Midi-27-11-1992.png\" \/>\n\t<meta property=\"og:image:width\" content=\"621\" \/>\n\t<meta property=\"og:image:height\" content=\"574\" \/>\n\t<meta property=\"og:image:type\" content=\"image\/png\" \/>\n<meta name=\"twitter:card\" content=\"summary_large_image\" \/>\n<script type=\"application\/ld+json\" class=\"yoast-schema-graph\">{\"@context\":\"https:\/\/schema.org\",\"@graph\":[{\"@type\":\"WebPage\",\"@id\":\"https:\/\/www.gouffre-de-cabrespine.com\/en\/coupure_presse\/la-depeche-du-midi-1992\/\",\"url\":\"https:\/\/www.gouffre-de-cabrespine.com\/en\/coupure_presse\/la-depeche-du-midi-1992\/\",\"name\":\"La D\u00e9p\u00eache du Midi - 1992 - Gouffre G\u00e9ant de Cabrespine\",\"isPartOf\":{\"@id\":\"https:\/\/www.gouffre-de-cabrespine.com\/#website\"},\"primaryImageOfPage\":{\"@id\":\"https:\/\/www.gouffre-de-cabrespine.com\/en\/coupure_presse\/la-depeche-du-midi-1992\/#primaryimage\"},\"image\":{\"@id\":\"https:\/\/www.gouffre-de-cabrespine.com\/en\/coupure_presse\/la-depeche-du-midi-1992\/#primaryimage\"},\"thumbnailUrl\":\"https:\/\/www.gouffre-de-cabrespine.com\/wp-content\/uploads\/2020\/09\/La-Depeche-du-Midi-27-11-1992.png\",\"datePublished\":\"1992-09-09T15:24:29+00:00\",\"dateModified\":\"2021-01-05T14:08:06+00:00\",\"breadcrumb\":{\"@id\":\"https:\/\/www.gouffre-de-cabrespine.com\/en\/coupure_presse\/la-depeche-du-midi-1992\/#breadcrumb\"},\"inLanguage\":\"en-US\",\"potentialAction\":[{\"@type\":\"ReadAction\",\"target\":[\"https:\/\/www.gouffre-de-cabrespine.com\/en\/coupure_presse\/la-depeche-du-midi-1992\/\"]}]},{\"@type\":\"ImageObject\",\"inLanguage\":\"en-US\",\"@id\":\"https:\/\/www.gouffre-de-cabrespine.com\/en\/coupure_presse\/la-depeche-du-midi-1992\/#primaryimage\",\"url\":\"https:\/\/www.gouffre-de-cabrespine.com\/wp-content\/uploads\/2020\/09\/La-Depeche-du-Midi-27-11-1992.png\",\"contentUrl\":\"https:\/\/www.gouffre-de-cabrespine.com\/wp-content\/uploads\/2020\/09\/La-Depeche-du-Midi-27-11-1992.png\",\"width\":621,\"height\":574,\"caption\":\"cabrespine gouffre\"},{\"@type\":\"BreadcrumbList\",\"@id\":\"https:\/\/www.gouffre-de-cabrespine.com\/en\/coupure_presse\/la-depeche-du-midi-1992\/#breadcrumb\",\"itemListElement\":[{\"@type\":\"ListItem\",\"position\":1,\"name\":\"Accueil\",\"item\":\"https:\/\/www.gouffre-de-cabrespine.com\/en\/\"},{\"@type\":\"ListItem\",\"position\":2,\"name\":\"La D\u00e9p\u00eache du Midi &#8211; 1992\"}]},{\"@type\":\"WebSite\",\"@id\":\"https:\/\/www.gouffre-de-cabrespine.com\/#website\",\"url\":\"https:\/\/www.gouffre-de-cabrespine.com\/\",\"name\":\"Gouffre G\u00e9ant de Cabrespine\",\"description\":\"Plongez au coeur du Gouffre G\u00e9ant de Cabrespine\",\"potentialAction\":[{\"@type\":\"SearchAction\",\"target\":{\"@type\":\"EntryPoint\",\"urlTemplate\":\"https:\/\/www.gouffre-de-cabrespine.com\/?s={search_term_string}\"},\"query-input\":{\"@type\":\"PropertyValueSpecification\",\"valueRequired\":true,\"valueName\":\"search_term_string\"}}],\"inLanguage\":\"en-US\"}]}<\/script>\n<!-- \/ Yoast SEO plugin. -->","yoast_head_json":{"title":"La D\u00e9p\u00eache du Midi - 1992 - Gouffre G\u00e9ant de Cabrespine","robots":{"index":"index","follow":"follow","max-snippet":"max-snippet:-1","max-image-preview":"max-image-preview:large","max-video-preview":"max-video-preview:-1"},"canonical":"https:\/\/www.gouffre-de-cabrespine.com\/en\/coupure_presse\/la-depeche-du-midi-1992\/","og_locale":"en_US","og_type":"article","og_title":"La D\u00e9p\u00eache du Midi - 1992 - Gouffre G\u00e9ant de Cabrespine","og_description":"&#8220;Cabrespine laur\u00e9at r\u00e9gional&#8221; D\u00e9couvrez un article relatant l&#8217;obtention du prix [...]","og_url":"https:\/\/www.gouffre-de-cabrespine.com\/en\/coupure_presse\/la-depeche-du-midi-1992\/","og_site_name":"Gouffre G\u00e9ant de Cabrespine","article_modified_time":"2021-01-05T14:08:06+00:00","og_image":[{"width":621,"height":574,"url":"https:\/\/www.gouffre-de-cabrespine.com\/wp-content\/uploads\/2020\/09\/La-Depeche-du-Midi-27-11-1992.png","type":"image\/png"}],"twitter_card":"summary_large_image","schema":{"@context":"https:\/\/schema.org","@graph":[{"@type":"WebPage","@id":"https:\/\/www.gouffre-de-cabrespine.com\/en\/coupure_presse\/la-depeche-du-midi-1992\/","url":"https:\/\/www.gouffre-de-cabrespine.com\/en\/coupure_presse\/la-depeche-du-midi-1992\/","name":"La D\u00e9p\u00eache du Midi - 1992 - Gouffre G\u00e9ant de Cabrespine","isPartOf":{"@id":"https:\/\/www.gouffre-de-cabrespine.com\/#website"},"primaryImageOfPage":{"@id":"https:\/\/www.gouffre-de-cabrespine.com\/en\/coupure_presse\/la-depeche-du-midi-1992\/#primaryimage"},"image":{"@id":"https:\/\/www.gouffre-de-cabrespine.com\/en\/coupure_presse\/la-depeche-du-midi-1992\/#primaryimage"},"thumbnailUrl":"https:\/\/www.gouffre-de-cabrespine.com\/wp-content\/uploads\/2020\/09\/La-Depeche-du-Midi-27-11-1992.png","datePublished":"1992-09-09T15:24:29+00:00","dateModified":"2021-01-05T14:08:06+00:00","breadcrumb":{"@id":"https:\/\/www.gouffre-de-cabrespine.com\/en\/coupure_presse\/la-depeche-du-midi-1992\/#breadcrumb"},"inLanguage":"en-US","potentialAction":[{"@type":"ReadAction","target":["https:\/\/www.gouffre-de-cabrespine.com\/en\/coupure_presse\/la-depeche-du-midi-1992\/"]}]},{"@type":"ImageObject","inLanguage":"en-US","@id":"https:\/\/www.gouffre-de-cabrespine.com\/en\/coupure_presse\/la-depeche-du-midi-1992\/#primaryimage","url":"https:\/\/www.gouffre-de-cabrespine.com\/wp-content\/uploads\/2020\/09\/La-Depeche-du-Midi-27-11-1992.png","contentUrl":"https:\/\/www.gouffre-de-cabrespine.com\/wp-content\/uploads\/2020\/09\/La-Depeche-du-Midi-27-11-1992.png","width":621,"height":574,"caption":"cabrespine gouffre"},{"@type":"BreadcrumbList","@id":"https:\/\/www.gouffre-de-cabrespine.com\/en\/coupure_presse\/la-depeche-du-midi-1992\/#breadcrumb","itemListElement":[{"@type":"ListItem","position":1,"name":"Accueil","item":"https:\/\/www.gouffre-de-cabrespine.com\/en\/"},{"@type":"ListItem","position":2,"name":"La D\u00e9p\u00eache du Midi &#8211; 1992"}]},{"@type":"WebSite","@id":"https:\/\/www.gouffre-de-cabrespine.com\/#website","url":"https:\/\/www.gouffre-de-cabrespine.com\/","name":"Gouffre G\u00e9ant de Cabrespine","description":"Plongez au coeur du Gouffre G\u00e9ant de Cabrespine","potentialAction":[{"@type":"SearchAction","target":{"@type":"EntryPoint","urlTemplate":"https:\/\/www.gouffre-de-cabrespine.com\/?s={search_term_string}"},"query-input":{"@type":"PropertyValueSpecification","valueRequired":true,"valueName":"search_term_string"}}],"inLanguage":"en-US"}]}},"_links":{"self":[{"href":"https:\/\/www.gouffre-de-cabrespine.com\/en\/wp-json\/wp\/v2\/coupure_presse\/3131","targetHints":{"allow":["GET"]}}],"collection":[{"href":"https:\/\/www.gouffre-de-cabrespine.com\/en\/wp-json\/wp\/v2\/coupure_presse"}],"about":[{"href":"https:\/\/www.gouffre-de-cabrespine.com\/en\/wp-json\/wp\/v2\/types\/coupure_presse"}],"wp:featuredmedia":[{"embeddable":true,"href":"https:\/\/www.gouffre-de-cabrespine.com\/en\/wp-json\/wp\/v2\/media\/3123"}],"wp:attachment":[{"href":"https:\/\/www.gouffre-de-cabrespine.com\/en\/wp-json\/wp\/v2\/media?parent=3131"}],"curies":[{"name":"wp","href":"https:\/\/api.w.org\/{rel}","templated":true}]}}