{"id":3177,"date":"2017-02-09T16:37:29","date_gmt":"2017-02-09T15:37:29","guid":{"rendered":"https:\/\/www.gouffre-de-cabrespine.com\/coupure_presse\/tf1-2019-3\/"},"modified":"2021-03-31T11:57:38","modified_gmt":"2021-03-31T09:57:38","slug":"france-3-2017","status":"publish","type":"coupure_presse","link":"https:\/\/www.gouffre-de-cabrespine.com\/ca\/coupure_presse\/france-3-2017\/","title":{"rendered":"Midi En France &#8211; France 3 &#8211; 2017"},"content":{"rendered":"<h2 style=\"text-align: center;\">Midi en France &#8211; France 3<\/h2>\n<p style=\"text-align: center;\">D\u00e9couvrez le reportage diffus\u00e9 sur France 3 en f\u00e9vrier 2017, \u00e0 l\u2019occasion de la remise du prix du sourire \u00e0 une de nos guides.<\/p>\n<p>&#8220;Qui n&#8217;a jamais r\u00eav\u00e9 de faire un voyage au centre de la Terre ?Au gouffre de Cabrespine, c&#8217;est possible ! 45 millions d&#8217;ann\u00e9es ont \u00e9t\u00e9 n\u00e9cessaires pour fa\u00e7onner cette cavit\u00e9 g\u00e9ante de 250 m de profondeur sur 80 m de large. Et au milieu de cette obscure immensit\u00e9, une fr\u00eale silhouette se balade dans la p\u00e9nombre&#8230; Marion est guide, elle a 26 ans et elle est tomb\u00e9e amoureuse du lieu\u2026&#8221;<\/p>\n<div class=\"wp-playlist wp-video-playlist wp-playlist-light\">\n\t\t<video controls=\"controls\" preload=\"none\" width=\"1378\"\n\t\t height=\"775\"\t><\/video>\n\t<div class=\"wp-playlist-next\"><\/div>\n\t<div class=\"wp-playlist-prev\"><\/div>\n\t<noscript>\n\t<ol>\n\t\t<li><a data-rel=\"iLightbox[postimages]\" data-title=\"Midi en France &#8211; Cabrespine, un voyage au centre de la Terre 02-2017\" data-caption=\"\" href='https:\/\/www.gouffre-de-cabrespine.com\/wp-content\/uploads\/2021\/01\/Midi-en-France-Cabrespine-un-voyage-au-centre-de-la-Terre-02-2017-.mp4'>Midi en France - Cabrespine, un voyage au centre de la Terre 02-2017<\/a><\/li>\t<\/ol>\n\t<\/noscript>\n\t<script type=\"application\/json\" class=\"wp-playlist-script\">{\"type\":\"video\",\"tracklist\":true,\"tracknumbers\":true,\"images\":true,\"artists\":true,\"tracks\":[{\"src\":\"https:\/\/www.gouffre-de-cabrespine.com\/wp-content\/uploads\/2021\/01\/Midi-en-France-Cabrespine-un-voyage-au-centre-de-la-Terre-02-2017-.mp4\",\"type\":\"video\/mp4\",\"title\":\"Midi en France - Cabrespine, un voyage au centre de la Terre 02-2017\",\"caption\":\"\",\"description\":\"\",\"meta\":{\"length_formatted\":\"4:41\"},\"dimensions\":{\"original\":{\"width\":1280,\"height\":720},\"resized\":{\"width\":1378,\"height\":775}},\"image\":{\"src\":\"https:\/\/www.gouffre-de-cabrespine.com\/wp-includes\/images\/media\/video.svg\",\"width\":48,\"height\":64},\"thumb\":{\"src\":\"https:\/\/www.gouffre-de-cabrespine.com\/wp-includes\/images\/media\/video.svg\",\"width\":48,\"height\":64}}]}<\/script>\n<\/div>\n\t\n<span class=\"et_bloom_bottom_trigger\"><\/span>","protected":false},"featured_media":3182,"template":"","class_list":["post-3177","coupure_presse","type-coupure_presse","status-publish","has-post-thumbnail","hentry"],"acf":[],"yoast_head":"<!-- This site is optimized with the Yoast SEO plugin v26.8 - https:\/\/yoast.com\/product\/yoast-seo-wordpress\/ -->\n<title>Midi En France - France 3 - 2017 - Gouffre G\u00e9ant de Cabrespine<\/title>\n<meta name=\"robots\" content=\"index, follow, max-snippet:-1, max-image-preview:large, max-video-preview:-1\" \/>\n<link rel=\"canonical\" href=\"https:\/\/www.gouffre-de-cabrespine.com\/ca\/coupure_presse\/france-3-2017\/\" \/>\n<meta property=\"og:locale\" content=\"ca_ES\" \/>\n<meta property=\"og:type\" content=\"article\" \/>\n<meta property=\"og:title\" content=\"Midi En France - France 3 - 2017 - Gouffre G\u00e9ant de Cabrespine\" \/>\n<meta property=\"og:description\" content=\"Midi en France &#8211; France 3 D\u00e9couvrez le reportage diffus\u00e9 [...]\" \/>\n<meta property=\"og:url\" content=\"https:\/\/www.gouffre-de-cabrespine.com\/ca\/coupure_presse\/france-3-2017\/\" \/>\n<meta property=\"og:site_name\" content=\"Gouffre G\u00e9ant de Cabrespine\" \/>\n<meta property=\"article:modified_time\" content=\"2021-03-31T09:57:38+00:00\" \/>\n<meta property=\"og:image\" content=\"https:\/\/www.gouffre-de-cabrespine.com\/wp-content\/uploads\/2019\/03\/Capture-decran-Midi-en-France-1024x495.png\" \/>\n\t<meta property=\"og:image:width\" content=\"1024\" \/>\n\t<meta property=\"og:image:height\" content=\"495\" \/>\n\t<meta property=\"og:image:type\" content=\"image\/png\" \/>\n<meta name=\"twitter:card\" content=\"summary_large_image\" \/>\n<meta name=\"twitter:label1\" content=\"Temps estimat de lectura\" \/>\n\t<meta name=\"twitter:data1\" content=\"1 minut\" \/>\n<script type=\"application\/ld+json\" class=\"yoast-schema-graph\">{\"@context\":\"https:\/\/schema.org\",\"@graph\":[{\"@type\":\"WebPage\",\"@id\":\"https:\/\/www.gouffre-de-cabrespine.com\/ca\/coupure_presse\/france-3-2017\/\",\"url\":\"https:\/\/www.gouffre-de-cabrespine.com\/ca\/coupure_presse\/france-3-2017\/\",\"name\":\"Midi En France - France 3 - 2017 - Gouffre G\u00e9ant de Cabrespine\",\"isPartOf\":{\"@id\":\"https:\/\/www.gouffre-de-cabrespine.com\/#website\"},\"primaryImageOfPage\":{\"@id\":\"https:\/\/www.gouffre-de-cabrespine.com\/ca\/coupure_presse\/france-3-2017\/#primaryimage\"},\"image\":{\"@id\":\"https:\/\/www.gouffre-de-cabrespine.com\/ca\/coupure_presse\/france-3-2017\/#primaryimage\"},\"thumbnailUrl\":\"https:\/\/www.gouffre-de-cabrespine.com\/wp-content\/uploads\/2019\/03\/Capture-decran-Midi-en-France.png\",\"datePublished\":\"2017-02-09T15:37:29+00:00\",\"dateModified\":\"2021-03-31T09:57:38+00:00\",\"breadcrumb\":{\"@id\":\"https:\/\/www.gouffre-de-cabrespine.com\/ca\/coupure_presse\/france-3-2017\/#breadcrumb\"},\"inLanguage\":\"ca\",\"potentialAction\":[{\"@type\":\"ReadAction\",\"target\":[\"https:\/\/www.gouffre-de-cabrespine.com\/ca\/coupure_presse\/france-3-2017\/\"]}]},{\"@type\":\"ImageObject\",\"inLanguage\":\"ca\",\"@id\":\"https:\/\/www.gouffre-de-cabrespine.com\/ca\/coupure_presse\/france-3-2017\/#primaryimage\",\"url\":\"https:\/\/www.gouffre-de-cabrespine.com\/wp-content\/uploads\/2019\/03\/Capture-decran-Midi-en-France.png\",\"contentUrl\":\"https:\/\/www.gouffre-de-cabrespine.com\/wp-content\/uploads\/2019\/03\/Capture-decran-Midi-en-France.png\",\"width\":1689,\"height\":816,\"caption\":\"Cabrespine Midi en France\"},{\"@type\":\"BreadcrumbList\",\"@id\":\"https:\/\/www.gouffre-de-cabrespine.com\/ca\/coupure_presse\/france-3-2017\/#breadcrumb\",\"itemListElement\":[{\"@type\":\"ListItem\",\"position\":1,\"name\":\"Accueil\",\"item\":\"https:\/\/www.gouffre-de-cabrespine.com\/ca\/\"},{\"@type\":\"ListItem\",\"position\":2,\"name\":\"Midi En France &#8211; France 3 &#8211; 2017\"}]},{\"@type\":\"WebSite\",\"@id\":\"https:\/\/www.gouffre-de-cabrespine.com\/#website\",\"url\":\"https:\/\/www.gouffre-de-cabrespine.com\/\",\"name\":\"Gouffre G\u00e9ant de Cabrespine\",\"description\":\"Plongez au coeur du Gouffre G\u00e9ant de Cabrespine\",\"potentialAction\":[{\"@type\":\"SearchAction\",\"target\":{\"@type\":\"EntryPoint\",\"urlTemplate\":\"https:\/\/www.gouffre-de-cabrespine.com\/?s={search_term_string}\"},\"query-input\":{\"@type\":\"PropertyValueSpecification\",\"valueRequired\":true,\"valueName\":\"search_term_string\"}}],\"inLanguage\":\"ca\"}]}<\/script>\n<!-- \/ Yoast SEO plugin. -->","yoast_head_json":{"title":"Midi En France - France 3 - 2017 - Gouffre G\u00e9ant de Cabrespine","robots":{"index":"index","follow":"follow","max-snippet":"max-snippet:-1","max-image-preview":"max-image-preview:large","max-video-preview":"max-video-preview:-1"},"canonical":"https:\/\/www.gouffre-de-cabrespine.com\/ca\/coupure_presse\/france-3-2017\/","og_locale":"ca_ES","og_type":"article","og_title":"Midi En France - France 3 - 2017 - Gouffre G\u00e9ant de Cabrespine","og_description":"Midi en France &#8211; France 3 D\u00e9couvrez le reportage diffus\u00e9 [...]","og_url":"https:\/\/www.gouffre-de-cabrespine.com\/ca\/coupure_presse\/france-3-2017\/","og_site_name":"Gouffre G\u00e9ant de Cabrespine","article_modified_time":"2021-03-31T09:57:38+00:00","og_image":[{"width":1024,"height":495,"url":"https:\/\/www.gouffre-de-cabrespine.com\/wp-content\/uploads\/2019\/03\/Capture-decran-Midi-en-France-1024x495.png","type":"image\/png"}],"twitter_card":"summary_large_image","twitter_misc":{"Temps estimat de lectura":"1 minut"},"schema":{"@context":"https:\/\/schema.org","@graph":[{"@type":"WebPage","@id":"https:\/\/www.gouffre-de-cabrespine.com\/ca\/coupure_presse\/france-3-2017\/","url":"https:\/\/www.gouffre-de-cabrespine.com\/ca\/coupure_presse\/france-3-2017\/","name":"Midi En France - France 3 - 2017 - Gouffre G\u00e9ant de Cabrespine","isPartOf":{"@id":"https:\/\/www.gouffre-de-cabrespine.com\/#website"},"primaryImageOfPage":{"@id":"https:\/\/www.gouffre-de-cabrespine.com\/ca\/coupure_presse\/france-3-2017\/#primaryimage"},"image":{"@id":"https:\/\/www.gouffre-de-cabrespine.com\/ca\/coupure_presse\/france-3-2017\/#primaryimage"},"thumbnailUrl":"https:\/\/www.gouffre-de-cabrespine.com\/wp-content\/uploads\/2019\/03\/Capture-decran-Midi-en-France.png","datePublished":"2017-02-09T15:37:29+00:00","dateModified":"2021-03-31T09:57:38+00:00","breadcrumb":{"@id":"https:\/\/www.gouffre-de-cabrespine.com\/ca\/coupure_presse\/france-3-2017\/#breadcrumb"},"inLanguage":"ca","potentialAction":[{"@type":"ReadAction","target":["https:\/\/www.gouffre-de-cabrespine.com\/ca\/coupure_presse\/france-3-2017\/"]}]},{"@type":"ImageObject","inLanguage":"ca","@id":"https:\/\/www.gouffre-de-cabrespine.com\/ca\/coupure_presse\/france-3-2017\/#primaryimage","url":"https:\/\/www.gouffre-de-cabrespine.com\/wp-content\/uploads\/2019\/03\/Capture-decran-Midi-en-France.png","contentUrl":"https:\/\/www.gouffre-de-cabrespine.com\/wp-content\/uploads\/2019\/03\/Capture-decran-Midi-en-France.png","width":1689,"height":816,"caption":"Cabrespine Midi en France"},{"@type":"BreadcrumbList","@id":"https:\/\/www.gouffre-de-cabrespine.com\/ca\/coupure_presse\/france-3-2017\/#breadcrumb","itemListElement":[{"@type":"ListItem","position":1,"name":"Accueil","item":"https:\/\/www.gouffre-de-cabrespine.com\/ca\/"},{"@type":"ListItem","position":2,"name":"Midi En France &#8211; France 3 &#8211; 2017"}]},{"@type":"WebSite","@id":"https:\/\/www.gouffre-de-cabrespine.com\/#website","url":"https:\/\/www.gouffre-de-cabrespine.com\/","name":"Gouffre G\u00e9ant de Cabrespine","description":"Plongez au coeur du Gouffre G\u00e9ant de Cabrespine","potentialAction":[{"@type":"SearchAction","target":{"@type":"EntryPoint","urlTemplate":"https:\/\/www.gouffre-de-cabrespine.com\/?s={search_term_string}"},"query-input":{"@type":"PropertyValueSpecification","valueRequired":true,"valueName":"search_term_string"}}],"inLanguage":"ca"}]}},"_links":{"self":[{"href":"https:\/\/www.gouffre-de-cabrespine.com\/ca\/wp-json\/wp\/v2\/coupure_presse\/3177","targetHints":{"allow":["GET"]}}],"collection":[{"href":"https:\/\/www.gouffre-de-cabrespine.com\/ca\/wp-json\/wp\/v2\/coupure_presse"}],"about":[{"href":"https:\/\/www.gouffre-de-cabrespine.com\/ca\/wp-json\/wp\/v2\/types\/coupure_presse"}],"wp:featuredmedia":[{"embeddable":true,"href":"https:\/\/www.gouffre-de-cabrespine.com\/ca\/wp-json\/wp\/v2\/media\/3182"}],"wp:attachment":[{"href":"https:\/\/www.gouffre-de-cabrespine.com\/ca\/wp-json\/wp\/v2\/media?parent=3177"}],"curies":[{"name":"wp","href":"https:\/\/api.w.org\/{rel}","templated":true}]}}